{"id":1535714,"date":"2023-01-25T08:59:53","date_gmt":"2023-01-25T07:59:53","guid":{"rendered":"https:\/\/www.dfh-ufa.org\/fr\/eva-martha-eckkrammer-elue-nouvelle-presidente-de-l%e2%80%99universite-de-treves"},"modified":"2023-06-20T15:23:22","modified_gmt":"2023-06-20T13:23:22","slug":"eva-martha-eckkrammer-elue-nouvelle-presidente-de-l%e2%80%99universite-de-treves","status":"publish","type":"post","link":"https:\/\/www.dfh-ufa.org\/fr\/unkategorisiert\/eva-martha-eckkrammer-elue-nouvelle-presidente-de-l%e2%80%99universite-de-treves","title":{"rendered":"Eva-Martha Eckkrammer \u00e9lue nouvelle pr\u00e9sidente de l\u2019Universit\u00e9 de Tr\u00e8ves"},"content":{"rendered":"<p>Eva-Martha Eckkrammer, vice-pr\u00e9sidente de l\u2019Universit\u00e9 franco-allemande et titulaire de la chaire de langues romanes et m\u00e9dias \u00e0 l\u2019Universit\u00e9 de Mannheim, a \u00e9t\u00e9 \u00e9lue le 19 janvier au poste de pr\u00e9sidente de l\u2019Universit\u00e9 de Tr\u00e8ves par le s\u00e9nat de l\u2019\u00e9tablissement. Apr\u00e8s les cinq mandats exerc\u00e9s par ses pr\u00e9d\u00e9cesseurs, Eva-Martha Eckkrammer sera la premi\u00e8re femme \u00e0 la t\u00eate de l\u2019universit\u00e9.<\/p>\n<p>Eva-Martha Eckkrammer succ\u00e8dera le 1<sup>er<\/sup> septembre au pr\u00e9sident de longue date Michael J\u00e4ckel. La future pr\u00e9sidente souhaite profiter de son mandat de six ans pour renforcer l\u2019internationalisation de l\u2019Universit\u00e9 de Tr\u00e8ves, en particulier les partenariats avec les \u00e9tablissements fran\u00e7ais et europ\u00e9ens d\u2019enseignement sup\u00e9rieur. L\u2019Universit\u00e9 de Tr\u00e8ves est d\u00e9j\u00e0 membre du r\u00e9seau UFA et du groupement UniGR, et propose actuellement deux cursus franco-allemands soutenus par l\u2019UFA.<\/p>\n<p>Parall\u00e8lement \u00e0 cette fonction, Eva-Martha Eckkrammer sera \u00e9galement pr\u00e9sidente de l\u2019UFA \u00e0 partir de janvier 2024, conform\u00e9ment aux statuts de l\u2019institution, prenant ainsi la suite du professeur Philippe Gr\u00e9ciano, actuel pr\u00e9sident de l\u2019UFA.<\/p>\n<p><a href=\"https:\/\/www.uni-trier.de\/universitaet\/news\/beitrag?tx_news_pi1%5Baction%5D=detail&amp;tx_news_pi1%5Bcontroller%5D=News&amp;tx_news_pi1%5Bnews%5D=23976&amp;cHash=10fec0f89f87bcfa6813c7028c47624c\">Lire le communiqu\u00e9 de presse de l\u2019Universit\u00e9 de Tr\u00e8ves\u00a0(en allemand)<\/a><\/p>\n","protected":false},"excerpt":{"rendered":"<p>Eva-Martha Eckkrammer, vice-pr\u00e9sidente de l\u2019Universit\u00e9 franco-allemande et titulaire de la chaire de langues romanes et m\u00e9dias \u00e0 l\u2019Universit\u00e9 de Mannheim, a \u00e9t\u00e9 \u00e9lue le 19 janvier au poste de pr\u00e9sidente de l\u2019Universit\u00e9 de Tr\u00e8ves par le s\u00e9nat de l\u2019\u00e9tablissement. Apr\u00e8s les cinq mandats exerc\u00e9s par ses pr\u00e9d\u00e9cesseurs, Eva-Martha Eckkrammer sera la premi\u00e8re femme \u00e0 la [&hellip;]<\/p>\n","protected":false},"author":365,"featured_media":1535713,"comment_status":"closed","ping_status":"closed","sticky":false,"template":"","format":"standard","meta":{"_bbp_topic_count":0,"_bbp_reply_count":0,"_bbp_total_topic_count":0,"_bbp_total_reply_count":0,"_bbp_voice_count":0,"_bbp_anonymous_reply_count":0,"_bbp_topic_count_hidden":0,"_bbp_reply_count_hidden":0,"_bbp_forum_subforum_count":0,"inline_featured_image":false},"categories":[1],"tags":[],"acf":[],"_links":{"self":[{"href":"https:\/\/www.dfh-ufa.org\/fr\/wp-json\/wp\/v2\/posts\/1535714"}],"collection":[{"href":"https:\/\/www.dfh-ufa.org\/fr\/wp-json\/wp\/v2\/posts"}],"about":[{"href":"https:\/\/www.dfh-ufa.org\/fr\/wp-json\/wp\/v2\/types\/post"}],"author":[{"embeddable":true,"href":"https:\/\/www.dfh-ufa.org\/fr\/wp-json\/wp\/v2\/users\/365"}],"replies":[{"embeddable":true,"href":"https:\/\/www.dfh-ufa.org\/fr\/wp-json\/wp\/v2\/comments?post=1535714"}],"version-history":[{"count":1,"href":"https:\/\/www.dfh-ufa.org\/fr\/wp-json\/wp\/v2\/posts\/1535714\/revisions"}],"predecessor-version":[{"id":1535716,"href":"https:\/\/www.dfh-ufa.org\/fr\/wp-json\/wp\/v2\/posts\/1535714\/revisions\/1535716"}],"wp:featuredmedia":[{"embeddable":true,"href":"https:\/\/www.dfh-ufa.org\/fr\/wp-json\/wp\/v2\/media\/1535713"}],"wp:attachment":[{"href":"https:\/\/www.dfh-ufa.org\/fr\/wp-json\/wp\/v2\/media?parent=1535714"}],"wp:term":[{"taxonomy":"category","embeddable":true,"href":"https:\/\/www.dfh-ufa.org\/fr\/wp-json\/wp\/v2\/categories?post=1535714"},{"taxonomy":"post_tag","embeddable":true,"href":"https:\/\/www.dfh-ufa.org\/fr\/wp-json\/wp\/v2\/tags?post=1535714"}],"curies":[{"name":"wp","href":"https:\/\/api.w.org\/{rel}","templated":true}]}}