{"id":1556654,"date":"2023-02-08T12:03:01","date_gmt":"2023-02-08T11:03:01","guid":{"rendered":"https:\/\/www.dfh-ufa.org\/fr\/table-ronde-en-ligne-science-et-societe-en-mutation"},"modified":"2023-02-08T12:11:33","modified_gmt":"2023-02-08T11:11:33","slug":"table-ronde-en-ligne-science-et-societe-en-mutation","status":"publish","type":"post","link":"https:\/\/www.dfh-ufa.org\/fr\/news\/table-ronde-en-ligne-science-et-societe-en-mutation","title":{"rendered":"Table ronde en ligne \u00ab\u00a0Science et soci\u00e9t\u00e9 en mutation\u00a0\u00bb"},"content":{"rendered":"<p>Le vendredi <strong>3 mars 2023<\/strong>, l&rsquo;Universit\u00e9 franco-allemande (UFA), l\u2019<a href=\"https:\/\/allemagneenfrance.diplo.de\/fr-fr\/missions-allemandes\/botschaft-seite\">Ambassade d\u2019Allemagne<\/a> \u00e0 Paris et la <a href=\"https:\/\/www.hrk.de\/home\/\">Hochschulrektorenkonferenz<\/a> organisent, \u00e0 l\u2019occasion du <strong>60e anniversaire du Trait\u00e9 de l\u2019\u00c9lys\u00e9e<\/strong>, une table ronde en ligne intitul\u00e9e \u00ab\u00a0Science et soci\u00e9t\u00e9 en mutation : perspectives universitaires franco-allemandes\u00a0\u00bb.<\/p>\n<p>La science et la soci\u00e9t\u00e9 font face \u00e0 des enjeux croissants : crise climatique mondiale, pand\u00e9mies, bouleversements g\u00e9opolitiques ou encore transition num\u00e9rique. Face \u00e0 l&rsquo;ampleur de ces t\u00e2ches, la question se pose de savoir comment les \u00e9tablissement d&rsquo;enseignement sup\u00e9rieur fran\u00e7ais et allemands r\u00e9agissent \u00e0 ces d\u00e9fis. Comment s\u2019assurent-ils r\u00e9silience et durabilit\u00e9 ? Comment d\u00e9finissent-ils leur r\u00f4le social et leur contribution \u00e0 ce monde nouveau ? Comment participent-ils \u00e0 la transformation de la soci\u00e9t\u00e9 ? Enfin, quelles opportunit\u00e9s s\u2019offrent \u00e0 la coop\u00e9ration franco-allemande et quels seront les d\u00e9fis \u00e0 relever ensemble durant la prochaine d\u00e9cennie ?<\/p>\n<p>Les participant*es \u00e0 la table ronde sont Peter-Andr\u00e9 Alt, pr\u00e9sident de la Hochschulrektorenkonferenz, Guillaume Gell\u00e9, pr\u00e9sident de France Universit\u00e9s, Philippe Gr\u00e9ciano, pr\u00e9sident de l\u2018Universit\u00e9 franco-allemande, Christine Musselin, directrice de recherche CNRS, Sciences Po Paris et Kathleen Schl\u00fctter, chercheuse, Leipzig Research Centre Global Dynamics. L&rsquo;animation des \u00e9changes sera assur\u00e9e par C\u00e9cile Boutelet, correspondante du <em>Monde <\/em>\u00e0 Berlin. L&rsquo;ambassadeur de la R\u00e9publique f\u00e9d\u00e9rale d&rsquo;Allemagne \u00e0 Paris, Hans-Dieter Lucas, ouvrira la manifestation.<\/p>\n<p>Les personnes int\u00e9ress\u00e9es peuvent s&rsquo;inscrire <a href=\"https:\/\/konferenztechnik-de.zoom.us\/webinar\/register\/WN_jHJS1xXZT4qAfPEQgXqo1g\">ici<\/a> au plus tard le <strong>lundi 27 f\u00e9vrier<\/strong> <strong>2023<\/strong>.<\/p>\n","protected":false},"excerpt":{"rendered":"<p>Le vendredi 3 mars 2023, l&rsquo;Universit\u00e9 franco-allemande (UFA), l\u2019Ambassade d\u2019Allemagne \u00e0 Paris et la Hochschulrektorenkonferenz organisent, \u00e0 l\u2019occasion du 60e anniversaire du Trait\u00e9 de l\u2019\u00c9lys\u00e9e, une table ronde en ligne intitul\u00e9e \u00ab\u00a0Science et soci\u00e9t\u00e9 en mutation : perspectives universitaires franco-allemandes\u00a0\u00bb. La science et la soci\u00e9t\u00e9 font face \u00e0 des enjeux croissants : crise climatique mondiale, [&hellip;]<\/p>\n","protected":false},"author":26,"featured_media":1430842,"comment_status":"closed","ping_status":"closed","sticky":false,"template":"","format":"standard","meta":{"_bbp_topic_count":0,"_bbp_reply_count":0,"_bbp_total_topic_count":0,"_bbp_total_reply_count":0,"_bbp_voice_count":0,"_bbp_anonymous_reply_count":0,"_bbp_topic_count_hidden":0,"_bbp_reply_count_hidden":0,"_bbp_forum_subforum_count":0,"inline_featured_image":false},"categories":[72],"tags":[],"acf":[],"_links":{"self":[{"href":"https:\/\/www.dfh-ufa.org\/fr\/wp-json\/wp\/v2\/posts\/1556654"}],"collection":[{"href":"https:\/\/www.dfh-ufa.org\/fr\/wp-json\/wp\/v2\/posts"}],"about":[{"href":"https:\/\/www.dfh-ufa.org\/fr\/wp-json\/wp\/v2\/types\/post"}],"author":[{"embeddable":true,"href":"https:\/\/www.dfh-ufa.org\/fr\/wp-json\/wp\/v2\/users\/26"}],"replies":[{"embeddable":true,"href":"https:\/\/www.dfh-ufa.org\/fr\/wp-json\/wp\/v2\/comments?post=1556654"}],"version-history":[{"count":4,"href":"https:\/\/www.dfh-ufa.org\/fr\/wp-json\/wp\/v2\/posts\/1556654\/revisions"}],"predecessor-version":[{"id":1557404,"href":"https:\/\/www.dfh-ufa.org\/fr\/wp-json\/wp\/v2\/posts\/1556654\/revisions\/1557404"}],"wp:featuredmedia":[{"embeddable":true,"href":"https:\/\/www.dfh-ufa.org\/fr\/wp-json\/wp\/v2\/media\/1430842"}],"wp:attachment":[{"href":"https:\/\/www.dfh-ufa.org\/fr\/wp-json\/wp\/v2\/media?parent=1556654"}],"wp:term":[{"taxonomy":"category","embeddable":true,"href":"https:\/\/www.dfh-ufa.org\/fr\/wp-json\/wp\/v2\/categories?post=1556654"},{"taxonomy":"post_tag","embeddable":true,"href":"https:\/\/www.dfh-ufa.org\/fr\/wp-json\/wp\/v2\/tags?post=1556654"}],"curies":[{"name":"wp","href":"https:\/\/api.w.org\/{rel}","templated":true}]}}