{"id":1751449,"date":"2023-06-20T15:45:10","date_gmt":"2023-06-20T13:45:10","guid":{"rendered":"https:\/\/www.dfh-ufa.org\/fr\/le-prix-forcheurs-jean-marie-lehn-2023-recompense-les-chercheurs-sebastien-ulrich-et-max-von-delius"},"modified":"2023-06-20T15:45:38","modified_gmt":"2023-06-20T13:45:38","slug":"le-prix-forcheurs-jean-marie-lehn-2023-recompense-les-chercheurs-sebastien-ulrich-et-max-von-delius","status":"publish","type":"post","link":"https:\/\/www.dfh-ufa.org\/fr\/communiquesdepresse\/le-prix-forcheurs-jean-marie-lehn-2023-recompense-les-chercheurs-sebastien-ulrich-et-max-von-delius","title":{"rendered":"Le Prix Forcheurs Jean-Marie Lehn 2023 r\u00e9compense les chercheurs S\u00e9bastien Ulrich et Max von Delius"},"content":{"rendered":"<figure id=\"attachment_1751448\" aria-describedby=\"caption-attachment-1751448\" style=\"width: 721px\" class=\"wp-caption alignnone\"><img decoding=\"async\" loading=\"lazy\" class=\"wp-image-1751448 size-full\" src=\"https:\/\/www.dfh-ufa.org\/app\/uploads\/2023\/06\/Prix-Forscheurs-2023-Copyright-Frazoesische-Botschaft-in-Deutschland-_-M.-Ulrich.png\" alt=\"\" width=\"721\" height=\"480\" srcset=\"https:\/\/www.dfh-ufa.org\/app\/uploads\/2023\/06\/Prix-Forscheurs-2023-Copyright-Frazoesische-Botschaft-in-Deutschland-_-M.-Ulrich.png 721w, https:\/\/www.dfh-ufa.org\/app\/uploads\/2023\/06\/Prix-Forscheurs-2023-Copyright-Frazoesische-Botschaft-in-Deutschland-_-M.-Ulrich-250x166.png 250w, https:\/\/www.dfh-ufa.org\/app\/uploads\/2023\/06\/Prix-Forscheurs-2023-Copyright-Frazoesische-Botschaft-in-Deutschland-_-M.-Ulrich-272x182.png 272w\" sizes=\"(max-width: 721px) 100vw, 721px\" \/><figcaption id=\"caption-attachment-1751448\" class=\"wp-caption-text\">Copyright \u2013 Ambassade de France en Allemagne \/ M.Ulrich<\/figcaption><\/figure>\n<p>&nbsp;<\/p>\n<p><strong>Fran\u00e7ois Delattre, Ambassadeur de France en Allemagne, a remis le 19 juin le Prix Forcheurs 2023\u00a0 au Dr S\u00e9bastien Ulrich (CNRS, IBMM, Universit\u00e9 de Montpellier, France) et au Prof. Max von Delius (Institut de chimie organique, Universit\u00e9 d\u2019Ulm, Allemagne) pour leur d\u00e9veloppement collaboratif \u00ab d\u2019amphiphiles \u00e0 clics et d\u00e9clics intelligents pour la reconnaissance et le transport de l\u2019ARN \u00bb.<br \/>\n<\/strong><\/p>\n<p>Une trentaine d\u2019\u00e9minentes personnalit\u00e9s du monde de la recherche et de l\u2019enseignement sup\u00e9rieur ainsi que des membres des soci\u00e9t\u00e9s civiles fran\u00e7aise et allemande ont particip\u00e9 \u00e0 cet \u00e9v\u00e9nement. Le professeur <strong>Jean-Marie Lehn<\/strong>, fondateur du prix, \u00e9tait lui-m\u00eame pr\u00e9sent. L\u2019Universit\u00e9 franco-allemande, coorganisatrice de l\u2019\u00e9v\u00e9nement, \u00e9tait repr\u00e9sent\u00e9e par son pr\u00e9sident, le professeur <strong>Philippe Gr\u00e9ciano<\/strong>. Les sponsors BASF France et Sanofi Allemagne, qui soutiennent le prix depuis 2017 \u00e0 hauteur de 10 000 euros chacun, \u00e9taient repr\u00e9sent\u00e9s par <strong>Nicolas Naudin,<\/strong> Pr\u00e9sident de BASF France, et <strong>Hanna Hennes-Rauth<\/strong>, Responsable des relations avec les pouvoirs publics de Sanofi Allemagne.<\/p>\n<p><strong>A propos des laur\u00e9ats :<\/strong><\/p>\n<p>Dr. Ulrich et Prof. von Delius ont des int\u00e9r\u00eats de recherche communs qui remontent \u00e0 leur premi\u00e8re rencontre en 2005 \u00e0 l\u2019Institut de Science et d\u2019Ing\u00e9nierie Supramol\u00e9culaires (ISIS) de Strasbourg (France) \u2013 un institut de recherche de premier plan au niveau mondial qui accueille actuellement quatre laur\u00e9ats du prix Nobel. Au d\u00e9but de leur carri\u00e8re, S\u00e9bastien Ulrich et Max von Delius ont explor\u00e9 un domaine de la chimie pour lequel la capacit\u00e9 de cr\u00e9er et de rompre des liaisons covalentes de mani\u00e8re dynamique constitue un enjeu majeur. Dr. Ulrich a utilis\u00e9 ces liaisons covalentes dynamiques pour fabriquer des vecteurs intelligents d\u2019acides nucl\u00e9iques, et le professeur von Delius a \u00e9tudi\u00e9 de nouvelles liaisons covalentes dynamiques et leur utilisation dans des mat\u00e9riaux adaptatifs et biod\u00e9gradables.<\/p>\n<p>En 2016, \u00e0 la suite d\u2019un atelier international organis\u00e9 \u00e0 Ulm par Prof. von Delius, les deux chercheurs ont \u00e9chang\u00e9 des id\u00e9es sur un projet de recherche commun, qui a vu le jour en 2019 gr\u00e2ce au soutien d\u2019un programme d\u2019\u00e9change de recherche franco-allemand (PHC\/PPP Procope). La collaboration a impliqu\u00e9 trois doctorants qui ont voyag\u00e9 outre-Rhin et ont effectu\u00e9 de courts s\u00e9jours de recherche dans le laboratoire partenaire. L\u2019id\u00e9e explor\u00e9e par l\u2019\u00e9quipe de recherche franco-allemande \u00e9tait de r\u00e9aliser une version dynamique de la r\u00e9action chimique \u00ab\u00a0Click\u00a0\u00bb qui a \u00e9t\u00e9 r\u00e9cemment popularis\u00e9e par le prix Nobel de chimie 2022. Les chercheurs ont r\u00e9ussi \u00e0 identifier des compos\u00e9s qui se lient efficacement \u00e0 l\u2019ARN, formant des nanoparticules, tout en \u00e9tant sensibles \u00e0 un processus de d\u00e9gradation enzymatique qui d\u00e9clenche la lib\u00e9ration de l\u2019ARN.<\/p>\n<p>En effet, leurs travaux d\u00e9crivent des amphiphiles \u00e0 base de triazolium qui, en milieu aqueux, s\u2019auto-assemblent en v\u00e9sicules. La cl\u00e9 est un \u00e9l\u00e9ment de liaison auto-immolable qui est ancr\u00e9 \u00e0 la fraction de triazolium et agit comme un groupe de t\u00eate polaire charg\u00e9 positivement, permettant \u00e0 l\u2019ARN charg\u00e9 n\u00e9gativement de se lier et d\u2019\u00eatre encapsul\u00e9. Les membranes cellulaires \u00e9tant principalement compos\u00e9es de lipides, l\u2019encapsulation de l\u2019ARN au sein de nanoparticules lipidiques adressables offre la possibilit\u00e9 de traverser la membrane et de lib\u00e9rer l\u2019ARN dans la cellule.\u00a0 En pr\u00e9sence d\u2019une enzyme est\u00e9rase, l\u2019\u00e9l\u00e9ment de liaison se d\u00e9grade, laissant le compos\u00e9 triazole neutre incapable de former des complexes et lib\u00e9rant ainsi l\u2019ARN. Ces travaux ouvrent des perspectives en mati\u00e8re de clics et de d\u00e9clics sur des compos\u00e9s synth\u00e9tiques capables de s\u2019auto-organiser en nanovecteurs dynamiques pour transporter et lib\u00e9rer des acides nucl\u00e9iques de mani\u00e8re contr\u00f4l\u00e9e. Une \u00e9tape qui pourrait s\u2019av\u00e9rer utile dans le d\u00e9veloppement de nanoporteurs intelligents pour la prochaine g\u00e9n\u00e9ration de m\u00e9dicaments et de vaccins \u00e0 base d\u2019ARN.<\/p>\n<p><strong>\u00c0 propos du \u00ab\u00a0Prix Forcheurs \u2013 Jean-Marie Lehn\u00a0\u00bb<\/strong><\/p>\n<p>Ce prix r\u00e9compense des collaborations prometteuses entre chercheuses et chercheurs issus de deux institutions, fran\u00e7aise et allemande, dans les domaines de la sant\u00e9, de la pharmacologie ou de la chimie. Organis\u00e9 conjointement par le Service pour la Science et la Technologie de l\u2019Ambassade de France en Allemagne et l\u2019Universit\u00e9 franco-allemande, il est d\u00e9cern\u00e9 \u00e0 deux jeunes chercheurs afin de promouvoir la coop\u00e9ration scientifique entre la France et l\u2019Allemagne. Le parrain du prix est le professeur Jean-Marie Lehn. Le nom du prix est un n\u00e9ologisme form\u00e9 \u00e0 partir du mot allemand \u00ab\u00a0Forscher\u00a0\u00bb et du mot fran\u00e7ais pour chercheur \u00ab\u00a0chercheur\u00a0\u00bb. Ce terme, emprunt\u00e9 \u00e0 l\u2019ouvrage \u00e9ponyme de G\u00e9rard Foussier, fait r\u00e9f\u00e9rence aux scientifiques qui collaborent quotidiennement des deux c\u00f4t\u00e9s du Rhin.<\/p>\n<p><strong>Source<\/strong> : <a href=\"https:\/\/www.science-allemagne.fr\/cooperation-franco-allemande\/le-prix-forcheurs-jean-marie-lehn-2023-recompense-les-chercheurs-sebastien-ulrich-et-max-von-delius\/\">Service Scientifique de l&rsquo;Ambassade d&rsquo;Allemagne \u00e0 Berlin<\/a><\/p>\n","protected":false},"excerpt":{"rendered":"<p>&nbsp; Fran\u00e7ois Delattre, Ambassadeur de France en Allemagne, a remis le 19 juin le Prix Forcheurs 2023\u00a0 au Dr S\u00e9bastien Ulrich (CNRS, IBMM, Universit\u00e9 de Montpellier, France) et au Prof. Max von Delius (Institut de chimie organique, Universit\u00e9 d\u2019Ulm, Allemagne) pour leur d\u00e9veloppement collaboratif \u00ab d\u2019amphiphiles \u00e0 clics et d\u00e9clics intelligents pour la reconnaissance et [&hellip;]<\/p>\n","protected":false},"author":365,"featured_media":1751448,"comment_status":"closed","ping_status":"closed","sticky":false,"template":"","format":"standard","meta":{"_bbp_topic_count":0,"_bbp_reply_count":0,"_bbp_total_topic_count":0,"_bbp_total_reply_count":0,"_bbp_voice_count":0,"_bbp_anonymous_reply_count":0,"_bbp_topic_count_hidden":0,"_bbp_reply_count_hidden":0,"_bbp_forum_subforum_count":0,"inline_featured_image":false},"categories":[109],"tags":[],"acf":[],"_links":{"self":[{"href":"https:\/\/www.dfh-ufa.org\/fr\/wp-json\/wp\/v2\/posts\/1751449"}],"collection":[{"href":"https:\/\/www.dfh-ufa.org\/fr\/wp-json\/wp\/v2\/posts"}],"about":[{"href":"https:\/\/www.dfh-ufa.org\/fr\/wp-json\/wp\/v2\/types\/post"}],"author":[{"embeddable":true,"href":"https:\/\/www.dfh-ufa.org\/fr\/wp-json\/wp\/v2\/users\/365"}],"replies":[{"embeddable":true,"href":"https:\/\/www.dfh-ufa.org\/fr\/wp-json\/wp\/v2\/comments?post=1751449"}],"version-history":[{"count":1,"href":"https:\/\/www.dfh-ufa.org\/fr\/wp-json\/wp\/v2\/posts\/1751449\/revisions"}],"predecessor-version":[{"id":1751450,"href":"https:\/\/www.dfh-ufa.org\/fr\/wp-json\/wp\/v2\/posts\/1751449\/revisions\/1751450"}],"wp:featuredmedia":[{"embeddable":true,"href":"https:\/\/www.dfh-ufa.org\/fr\/wp-json\/wp\/v2\/media\/1751448"}],"wp:attachment":[{"href":"https:\/\/www.dfh-ufa.org\/fr\/wp-json\/wp\/v2\/media?parent=1751449"}],"wp:term":[{"taxonomy":"category","embeddable":true,"href":"https:\/\/www.dfh-ufa.org\/fr\/wp-json\/wp\/v2\/categories?post=1751449"},{"taxonomy":"post_tag","embeddable":true,"href":"https:\/\/www.dfh-ufa.org\/fr\/wp-json\/wp\/v2\/tags?post=1751449"}],"curies":[{"name":"wp","href":"https:\/\/api.w.org\/{rel}","templated":true}]}}