{"id":1965181,"date":"2026-09-01T07:00:50","date_gmt":"2026-09-01T05:00:50","guid":{"rendered":"https:\/\/www.dfh-ufa.org\/fr\/?p=1965181"},"modified":"2026-09-01T12:00:53","modified_gmt":"2026-09-01T10:00:53","slug":"nouvelle-initiative-franco-allemande-en-faveur-de-la-mediation-interculturelle","status":"publish","type":"post","link":"https:\/\/www.dfh-ufa.org\/fr\/news\/nouvelle-initiative-franco-allemande-en-faveur-de-la-mediation-interculturelle","title":{"rendered":"Nouvelle initiative franco-allemande en faveur de la m\u00e9diation interculturelle"},"content":{"rendered":"<figure id=\"attachment_1965393\" aria-describedby=\"caption-attachment-1965393\" style=\"width: 800px\" class=\"wp-caption aligncenter\"><img decoding=\"async\" loading=\"lazy\" class=\"wp-image-1965393\" title=\"Dialogue franco-allemand en faveur de la m\u00e9diation interculturelle 2026\" src=\"https:\/\/www.dfh-ufa.org\/app\/uploads\/2026\/08\/DIALOGUE-FA-Beitragsbild-Webseite-250x167.png\" alt=\"Dialogue franco-allemand_WebsiteDFH-UFA\" width=\"800\" height=\"533\" srcset=\"https:\/\/www.dfh-ufa.org\/app\/uploads\/2026\/08\/DIALOGUE-FA-Beitragsbild-Webseite-250x167.png 250w, https:\/\/www.dfh-ufa.org\/app\/uploads\/2026\/08\/DIALOGUE-FA-Beitragsbild-Webseite-1024x683.png 1024w, https:\/\/www.dfh-ufa.org\/app\/uploads\/2026\/08\/DIALOGUE-FA-Beitragsbild-Webseite-768x512.png 768w, https:\/\/www.dfh-ufa.org\/app\/uploads\/2026\/08\/DIALOGUE-FA-Beitragsbild-Webseite-1536x1024.png 1536w, https:\/\/www.dfh-ufa.org\/app\/uploads\/2026\/08\/DIALOGUE-FA-Beitragsbild-Webseite-2048x1365.png 2048w, https:\/\/www.dfh-ufa.org\/app\/uploads\/2026\/08\/DIALOGUE-FA-Beitragsbild-Webseite-272x182.png 272w\" sizes=\"(max-width: 800px) 100vw, 800px\" \/><figcaption id=\"caption-attachment-1965393\" class=\"wp-caption-text\">Dialogue franco-allemand 2026 \/ Deutsch-Franz\u00f6sischer Dialog 2026 \/\/ \u00a9 Universit\u00e9 de Corse Pasquale Paoli \u2013 Service Communication<\/figcaption><\/figure>\n<p>&nbsp;<\/p>\n<p><strong>Soucieuse de promouvoir le dialogue et la compr\u00e9hension mutuelle, l\u2019Universit\u00e9 franco-allemande (UFA), en collaboration avec ses partenaires, organise les 21 et 22 octobre 2026 \u00e0 Corte (Corse) une nouvelle rencontre sur la m\u00e9diation interculturelle. Ce colloque sera consacr\u00e9 aux enjeux g\u00e9opolitiques, juridiques et linguistiques de la m\u00e9diation interculturelle. Plusieurs sp\u00e9cialistes de renom sont attendu\u00b7es.<\/strong><\/p>\n<p>\u00c0 l\u2019heure o\u00f9 l\u2019Europe et le monde sont confront\u00e9s \u00e0 de nombreux d\u00e9fis, l\u2019UFA et l\u2019Universit\u00e9 de Corse, en coop\u00e9ration avec leurs partenaires, l\u2019Office franco-allemand pour la jeunesse (OFAJ), le DAAD France et la Familie Mehdorn Stiftung, organisent un Dialogue franco-allemand afin de renforcer la m\u00e9diation interculturelle et de contribuer de fa\u00e7on constructive aux \u00e9changes internationaux.<\/p>\n<p>Cette rencontre s\u2019inscrit dans une s\u00e9rie de manifestations initi\u00e9es par l\u2019UFA et qui portent sur des enjeux majeurs de notre \u00e9poque tels que le d\u00e9veloppement durable, la paix, la justice, l\u2019intelligence artificielle et la sant\u00e9 plan\u00e9taire. Ce partenariat unique associe plusieurs acteurs institutionnels prestigieux. Il souligne la force, la r\u00e9silience et la vitalit\u00e9 de la coop\u00e9ration franco-allemande et du r\u00e9seau de l\u2019UFA.<\/p>\n<p>Le renforcement du dialogue permet de surmonter les crises politiques, \u00e9conomiques et sociales. Il permet de prot\u00e9ger la d\u00e9mocratie, de sortir de l\u2019impasse diplomatique et de faire respecter le droit international ainsi que la diversit\u00e9 culturelle. Dans le cadre de cette manifestation, des expert\u00b7es scientifiques et des repr\u00e9sentant\u00b7es d\u2019institutions culturelles se proposent de repenser les d\u00e9fis mondiaux actuels dans une perspective pluridisciplinaire et internationale.<\/p>\n<p>&nbsp;<\/p>\n<p style=\"text-align: center;\"><a href=\"https:\/\/www.dfh-ufa.org\/app\/uploads\/2026\/08\/Programme-previsionnel_Mediation_Corte_version-publique_20260817.pdf\" target=\"_blank\" rel=\"noopener\"><strong>Consulter le programme pr\u00e9visionnel de la manifestation<\/strong><\/a><\/p>\n<p>&nbsp;<\/p>\n<p><strong>Informations pratiques et inscription<\/strong><\/p>\n<p>La manifestation aura lieu<strong> en langue fran\u00e7aise<\/strong>. Elle est <strong>ouverte<\/strong> \u00e0 toute personne int\u00e9ress\u00e9e.<\/p>\n<p>La participation est <strong>gratuite<\/strong>, mais l\u2019inscription pr\u00e9alable est requise (date limite d\u2019inscription\u00a0: 11\/10\/2026).<\/p>\n<p>&nbsp;<\/p>\n<p style=\"text-align: center;\"><a href=\"https:\/\/forms.cloud.microsoft\/Pages\/ResponsePage.aspx?id=r9mETAIIQ0OJ21jdgfAVFfH45ey6DiBLpavLnhS1HAxUOFgyMkRBMUtNSFVKUk84SzlaVlZDRUtKMS4u\" target=\"_blank\" rel=\"noopener\"><strong>Je m\u2019inscris \u00e0 la manifestation<\/strong><\/a><\/p>\n<p>&nbsp;<\/p>\n<p>&nbsp;<\/p>\n<p>Personne de contact\u00a0:<\/p>\n<p>Dr. Ricarda Liegat<br \/>\nResponsable adjointe du d\u00e9partement Instances de pilotage et projets scientifiques<br \/>\ndialogue(at)dfh-ufa.org<\/p>\n","protected":false},"excerpt":{"rendered":"<p>&nbsp; Soucieuse de promouvoir le dialogue et la compr\u00e9hension mutuelle, l\u2019Universit\u00e9 franco-allemande (UFA), en collaboration avec ses partenaires, organise les 21 et 22 octobre 2026 \u00e0 Corte (Corse) une nouvelle rencontre sur la m\u00e9diation interculturelle. Ce colloque sera consacr\u00e9 aux enjeux g\u00e9opolitiques, juridiques et linguistiques de la m\u00e9diation interculturelle. Plusieurs sp\u00e9cialistes de renom sont attendu\u00b7es. [&hellip;]<\/p>\n","protected":false},"author":541,"featured_media":1965393,"comment_status":"closed","ping_status":"closed","sticky":false,"template":"","format":"standard","meta":{"_bbp_topic_count":0,"_bbp_reply_count":0,"_bbp_total_topic_count":0,"_bbp_total_reply_count":0,"_bbp_voice_count":0,"_bbp_anonymous_reply_count":0,"_bbp_topic_count_hidden":0,"_bbp_reply_count_hidden":0,"_bbp_forum_subforum_count":0,"inline_featured_image":false},"categories":[72],"tags":[175679,175503,175674,175675,175521,175642,175522,175678,175677,175676,175523,175495,175490,175565],"acf":[],"_links":{"self":[{"href":"https:\/\/www.dfh-ufa.org\/fr\/wp-json\/wp\/v2\/posts\/1965181"}],"collection":[{"href":"https:\/\/www.dfh-ufa.org\/fr\/wp-json\/wp\/v2\/posts"}],"about":[{"href":"https:\/\/www.dfh-ufa.org\/fr\/wp-json\/wp\/v2\/types\/post"}],"author":[{"embeddable":true,"href":"https:\/\/www.dfh-ufa.org\/fr\/wp-json\/wp\/v2\/users\/541"}],"replies":[{"embeddable":true,"href":"https:\/\/www.dfh-ufa.org\/fr\/wp-json\/wp\/v2\/comments?post=1965181"}],"version-history":[{"count":31,"href":"https:\/\/www.dfh-ufa.org\/fr\/wp-json\/wp\/v2\/posts\/1965181\/revisions"}],"predecessor-version":[{"id":1965575,"href":"https:\/\/www.dfh-ufa.org\/fr\/wp-json\/wp\/v2\/posts\/1965181\/revisions\/1965575"}],"wp:featuredmedia":[{"embeddable":true,"href":"https:\/\/www.dfh-ufa.org\/fr\/wp-json\/wp\/v2\/media\/1965393"}],"wp:attachment":[{"href":"https:\/\/www.dfh-ufa.org\/fr\/wp-json\/wp\/v2\/media?parent=1965181"}],"wp:term":[{"taxonomy":"category","embeddable":true,"href":"https:\/\/www.dfh-ufa.org\/fr\/wp-json\/wp\/v2\/categories?post=1965181"},{"taxonomy":"post_tag","embeddable":true,"href":"https:\/\/www.dfh-ufa.org\/fr\/wp-json\/wp\/v2\/tags?post=1965181"}],"curies":[{"name":"wp","href":"https:\/\/api.w.org\/{rel}","templated":true}]}}